{"id":961,"date":"2017-10-02T13:20:14","date_gmt":"2017-10-02T13:20:14","guid":{"rendered":"https:\/\/radiosucumbios.org.ec\/?p=961"},"modified":"2017-10-02T16:53:11","modified_gmt":"2017-10-02T16:53:11","slug":"ame-provincial-sucumbios-nuevo-presidente","status":"publish","type":"post","link":"https:\/\/radiosucumbios.org.ec\/?p=961","title":{"rendered":"AME provincial de Sucumb\u00edos con nuevo presidente"},"content":{"rendered":"<p>Bajo las normativas de la Asociaci\u00f3n de Municipalidad del Ecuador, AME, la semana anterior se procedi\u00f3 al cambio de directorio de la Asociaci\u00f3n de Municipios de la Provincia de Sucumb\u00edos, que lo ven\u00eda presidiendo el alcalde del cant\u00f3n Gonzalo Pizarro, Luis Ordo\u00f1ez.<!--more--><\/p>\n<p>La asamblea para la elecci\u00f3n de dicho directorio se realiz\u00f3 en la ciudad de Lumbaqui, con la presencia dedelegados de los alcaldes a excepci\u00f3n del alcalde de Gonzalo Pizarro y la alcaldesa de Putumayo sin representaci\u00f3n.<\/p>\n<p>El alcalde del cant\u00f3n Lago Agrio, Abg. Vinicio Vega, fue elegido para que presida el directorio provincial hasta que finalice el periodo administrativo de los alcaldes.<\/p>\n<h4>El licenciado Cristian Caiza, delegado de AME nacional, luego del acto de posesi\u00f3n, resalt\u00f3 el trabajo de cada uno de los alcaldes a trav\u00e9s de AME provincial y pidi\u00f3 al presidente de AME regional el acompa\u00f1amiento necesario.<\/h4>\n<p>Adem\u00e1s el delegado Nacional de AME, inform\u00f3 que se entregaron tres preguntas para que sean insertadas en las preguntas de la Consulta Popular propuesto por el presidente de rep\u00fablica, Lenin Moreno, como tambi\u00e9n las propuestas que entregaran al presidente de la asamblea para la reforma al COOTAD.<\/p>\n","protected":false},"excerpt":{"rendered":"<p>Bajo las normativas de la Asociaci\u00f3n de Municipalidad del Ecuador, AME, la semana anterior se procedi\u00f3 al cambio de directorio de la Asociaci\u00f3n de Municipios de la Provincia de Sucumb\u00edos, que lo ven\u00eda presidiendo el alcalde del cant\u00f3n Gonzalo Pizarro, Luis Ordo\u00f1ez.<\/p>\n","protected":false},"author":1,"featured_media":962,"comment_status":"open","ping_status":"closed","sticky":false,"template":"","format":"standard","meta":{"footnotes":""},"categories":[3,5],"tags":[],"class_list":["post-961","post","type-post","status-publish","format-standard","has-post-thumbnail","hentry","category-noticias","category-sucumbios"],"_links":{"self":[{"href":"https:\/\/radiosucumbios.org.ec\/index.php?rest_route=\/wp\/v2\/posts\/961","targetHints":{"allow":["GET"]}}],"collection":[{"href":"https:\/\/radiosucumbios.org.ec\/index.php?rest_route=\/wp\/v2\/posts"}],"about":[{"href":"https:\/\/radiosucumbios.org.ec\/index.php?rest_route=\/wp\/v2\/types\/post"}],"author":[{"embeddable":true,"href":"https:\/\/radiosucumbios.org.ec\/index.php?rest_route=\/wp\/v2\/users\/1"}],"replies":[{"embeddable":true,"href":"https:\/\/radiosucumbios.org.ec\/index.php?rest_route=%2Fwp%2Fv2%2Fcomments&post=961"}],"version-history":[{"count":3,"href":"https:\/\/radiosucumbios.org.ec\/index.php?rest_route=\/wp\/v2\/posts\/961\/revisions"}],"predecessor-version":[{"id":971,"href":"https:\/\/radiosucumbios.org.ec\/index.php?rest_route=\/wp\/v2\/posts\/961\/revisions\/971"}],"wp:featuredmedia":[{"embeddable":true,"href":"https:\/\/radiosucumbios.org.ec\/index.php?rest_route=\/wp\/v2\/media\/962"}],"wp:attachment":[{"href":"https:\/\/radiosucumbios.org.ec\/index.php?rest_route=%2Fwp%2Fv2%2Fmedia&parent=961"}],"wp:term":[{"taxonomy":"category","embeddable":true,"href":"https:\/\/radiosucumbios.org.ec\/index.php?rest_route=%2Fwp%2Fv2%2Fcategories&post=961"},{"taxonomy":"post_tag","embeddable":true,"href":"https:\/\/radiosucumbios.org.ec\/index.php?rest_route=%2Fwp%2Fv2%2Ftags&post=961"}],"curies":[{"name":"wp","href":"https:\/\/api.w.org\/{rel}","templated":true}]}}