{"id":973,"date":"2017-10-03T13:03:18","date_gmt":"2017-10-03T13:03:18","guid":{"rendered":"https:\/\/radiosucumbios.org.ec\/?p=973"},"modified":"2017-10-03T13:14:50","modified_gmt":"2017-10-03T13:14:50","slug":"personas-privadas-libertad-participaran-del-programa-educativo-centro-rehabilitacion-social","status":"publish","type":"post","link":"https:\/\/radiosucumbios.org.ec\/?p=973","title":{"rendered":"Personas Privadas de Libertad participaran del programa educativo en el centro de rehabilitaci\u00f3n social"},"content":{"rendered":"<p>El C\u00f3digo Org\u00e1nico Integral Penal\u00a0 establece la obligatoriedad del Sistema de Rehabilitaci\u00f3n Social de promover la educaci\u00f3n t\u00e9cnica y superior en los centros penitenciarios.<!--more--><\/p>\n<p>En el centro de la provincia de Sucumb\u00edos 186 personas privadas de la libertad ser\u00e1n parte del programa educativo.<\/p>\n<p>&nbsp;<\/p>\n<p>Este programa permite transformar el modelo de reclusi\u00f3n y rehabilitaci\u00f3n, que incluye desde la construcci\u00f3n de nuevos penales, la eliminaci\u00f3n del hacinamiento en los reclusorios y los programas de capacitaci\u00f3n para la inclusi\u00f3n social de los detenidos.<\/p>\n<h4><\/h4>\n<h4>El abogado Alberto Prado director del Centro de Rehabilitaci\u00f3n Social de Sucumb\u00edos, se\u00f1al\u00f3 que para hacer efectivo este derecho de las personas privadas de la libertad, se coordin\u00f3 entre el Ministerio de Justicia y Educaci\u00f3n.<\/h4>\n<p>&nbsp;<\/p>\n<p>El doctor Armando Aguilar, director Distrital de Educaci\u00f3n de Lago Agrio, indic\u00f3 que para cumplir con estos programas, existe una coordinaci\u00f3n con los docentes de la Unidad Educativa Juan Jim\u00e9nez, quienes est\u00e1n a cargo de los beneficiarios.<\/p>\n<p>&nbsp;<\/p>\n<p>La licenciada Noem\u00ed \u00c1valos, explic\u00f3 que el programa cumple con la malla curricular dispuesta por el Ministerio de Educaci\u00f3n, tienen dos d\u00edas semanales de clases presencial, para lo cual cuentan con 7 docentes.<\/p>\n","protected":false},"excerpt":{"rendered":"<p>El C\u00f3digo Org\u00e1nico Integral Penal\u00a0 establece la obligatoriedad del Sistema de Rehabilitaci\u00f3n Social de promover la educaci\u00f3n t\u00e9cnica y superior en los centros penitenciarios.<\/p>\n","protected":false},"author":1,"featured_media":89,"comment_status":"open","ping_status":"closed","sticky":false,"template":"","format":"standard","meta":{"footnotes":""},"categories":[3,5],"tags":[],"class_list":["post-973","post","type-post","status-publish","format-standard","has-post-thumbnail","hentry","category-noticias","category-sucumbios"],"_links":{"self":[{"href":"https:\/\/radiosucumbios.org.ec\/index.php?rest_route=\/wp\/v2\/posts\/973","targetHints":{"allow":["GET"]}}],"collection":[{"href":"https:\/\/radiosucumbios.org.ec\/index.php?rest_route=\/wp\/v2\/posts"}],"about":[{"href":"https:\/\/radiosucumbios.org.ec\/index.php?rest_route=\/wp\/v2\/types\/post"}],"author":[{"embeddable":true,"href":"https:\/\/radiosucumbios.org.ec\/index.php?rest_route=\/wp\/v2\/users\/1"}],"replies":[{"embeddable":true,"href":"https:\/\/radiosucumbios.org.ec\/index.php?rest_route=%2Fwp%2Fv2%2Fcomments&post=973"}],"version-history":[{"count":1,"href":"https:\/\/radiosucumbios.org.ec\/index.php?rest_route=\/wp\/v2\/posts\/973\/revisions"}],"predecessor-version":[{"id":974,"href":"https:\/\/radiosucumbios.org.ec\/index.php?rest_route=\/wp\/v2\/posts\/973\/revisions\/974"}],"wp:featuredmedia":[{"embeddable":true,"href":"https:\/\/radiosucumbios.org.ec\/index.php?rest_route=\/wp\/v2\/media\/89"}],"wp:attachment":[{"href":"https:\/\/radiosucumbios.org.ec\/index.php?rest_route=%2Fwp%2Fv2%2Fmedia&parent=973"}],"wp:term":[{"taxonomy":"category","embeddable":true,"href":"https:\/\/radiosucumbios.org.ec\/index.php?rest_route=%2Fwp%2Fv2%2Fcategories&post=973"},{"taxonomy":"post_tag","embeddable":true,"href":"https:\/\/radiosucumbios.org.ec\/index.php?rest_route=%2Fwp%2Fv2%2Ftags&post=973"}],"curies":[{"name":"wp","href":"https:\/\/api.w.org\/{rel}","templated":true}]}}