{"id":982,"date":"2017-10-11T16:22:47","date_gmt":"2017-10-11T16:22:47","guid":{"rendered":"https:\/\/radiosucumbios.org.ec\/?p=982"},"modified":"2017-10-11T16:22:47","modified_gmt":"2017-10-11T16:22:47","slug":"monsenor-jose-adalberto-jimenez-mendoza-nuevo-obispo-orellana","status":"publish","type":"post","link":"https:\/\/radiosucumbios.org.ec\/?p=982","title":{"rendered":"Monse\u00f1or Jos\u00e9 Adalberto Jim\u00e9nez Mendoza es el nuevo Obispo de Orellana"},"content":{"rendered":"<p>Monse\u00f1or Jos\u00e9 Adalberto Jim\u00e9nez Mendoza, asumi\u00f3 el viernes 6 de Octubre como nuevo vicario apost\u00f3lico del Vicariato Apost\u00f3lico de Aguarico perteneciente a la provincia de Orellana<!--more--><\/p>\n<p>Antes de asumir el cargo, Adalberto Jim\u00e9nez fue ordenado obispo, en una acto lleno de emotividad con la presencia, de las comunidades cristianas, religiosos religiosas, y autoridades civiles<\/p>\n<p>&nbsp;<\/p>\n<p>En sus primeras declaraciones p\u00fablicas el nuevo obispo de la provincia de Orellana, dijo que continuar\u00e1 con el desarrollo de tres aspectos que los considera primordiales para el caminar del vicariato de Aguarico.<\/p>\n<p>&nbsp;<\/p>\n<h4>El obispo Adalberto Jim\u00e9nez, reconoci\u00f3 el trabajo y la entrega martirial de monse\u00f1or Alejandro Labaka y la hermana In\u00e9s Arango.<\/h4>\n<p>&nbsp;<\/p>\n<p>Revel\u00f3 que durante la reciente visita que los obispos de Ecuador realizaron al papa Francisco, el sumo pont\u00edfice le dio el encargo de cuidar la selva y la vida que en ella existe.<\/p>\n<p>&nbsp;<\/p>\n<p>La ciudadan\u00eda de Orellana expresaron su nostalgia por la salida de monse\u00f1or Jes\u00fas Esteban S\u00e1daba, y recibieron con esperanza al nuevo obispo Jos\u00e9 Adalberto Jim\u00e9nez<\/p>\n<p>&nbsp;<\/p>\n<p><iframe id='audio_21401296' frameborder='0' allowfullscreen='' scrolling='no' height='200' style='border:1px solid #EEE; box-sizing:border-box; width:100%;' src=\"https:\/\/mx.ivoox.com\/es\/player_ej_21401296_4_1.html?c1=ff6600\"><\/iframe><\/p>\n<p>&nbsp;<\/p>\n<p>La iglesia de Aguarico seguir\u00e1 bajo el pastoreo de la congregaci\u00f3n de los Capuchinos, el nuevo obispo Jos\u00e9 Adalberto Jim\u00e9nez, pertenece a esa misma\u00a0 orden religiosa que pertenece Jes\u00fas Esteban S\u00e1daba<\/p>\n","protected":false},"excerpt":{"rendered":"<p>Monse\u00f1or Jos\u00e9 Adalberto Jim\u00e9nez Mendoza, asumi\u00f3 el viernes 6 de Octubre como nuevo vicario apost\u00f3lico del Vicariato Apost\u00f3lico de Aguarico perteneciente a la provincia de Orellana<\/p>\n","protected":false},"author":1,"featured_media":983,"comment_status":"open","ping_status":"closed","sticky":false,"template":"","format":"standard","meta":{"footnotes":""},"categories":[3,6],"tags":[],"class_list":["post-982","post","type-post","status-publish","format-standard","has-post-thumbnail","hentry","category-noticias","category-orellana"],"_links":{"self":[{"href":"https:\/\/radiosucumbios.org.ec\/index.php?rest_route=\/wp\/v2\/posts\/982","targetHints":{"allow":["GET"]}}],"collection":[{"href":"https:\/\/radiosucumbios.org.ec\/index.php?rest_route=\/wp\/v2\/posts"}],"about":[{"href":"https:\/\/radiosucumbios.org.ec\/index.php?rest_route=\/wp\/v2\/types\/post"}],"author":[{"embeddable":true,"href":"https:\/\/radiosucumbios.org.ec\/index.php?rest_route=\/wp\/v2\/users\/1"}],"replies":[{"embeddable":true,"href":"https:\/\/radiosucumbios.org.ec\/index.php?rest_route=%2Fwp%2Fv2%2Fcomments&post=982"}],"version-history":[{"count":1,"href":"https:\/\/radiosucumbios.org.ec\/index.php?rest_route=\/wp\/v2\/posts\/982\/revisions"}],"predecessor-version":[{"id":984,"href":"https:\/\/radiosucumbios.org.ec\/index.php?rest_route=\/wp\/v2\/posts\/982\/revisions\/984"}],"wp:featuredmedia":[{"embeddable":true,"href":"https:\/\/radiosucumbios.org.ec\/index.php?rest_route=\/wp\/v2\/media\/983"}],"wp:attachment":[{"href":"https:\/\/radiosucumbios.org.ec\/index.php?rest_route=%2Fwp%2Fv2%2Fmedia&parent=982"}],"wp:term":[{"taxonomy":"category","embeddable":true,"href":"https:\/\/radiosucumbios.org.ec\/index.php?rest_route=%2Fwp%2Fv2%2Fcategories&post=982"},{"taxonomy":"post_tag","embeddable":true,"href":"https:\/\/radiosucumbios.org.ec\/index.php?rest_route=%2Fwp%2Fv2%2Ftags&post=982"}],"curies":[{"name":"wp","href":"https:\/\/api.w.org\/{rel}","templated":true}]}}