{"id":991,"date":"2017-10-12T12:29:00","date_gmt":"2017-10-12T12:29:00","guid":{"rendered":"https:\/\/radiosucumbios.org.ec\/?p=991"},"modified":"2017-10-12T17:41:17","modified_gmt":"2017-10-12T17:41:17","slug":"agente-penitenciario-detenido-microtrafico-centro-rehabilitacion-social-sucumbios","status":"publish","type":"post","link":"https:\/\/radiosucumbios.org.ec\/?p=991","title":{"rendered":"Agente penitenciario detenido por microtr\u00e1fico en el Centro de Rehabilitaci\u00f3n Social de Sucumb\u00edos"},"content":{"rendered":"<p>Agente penitenciario del Centro de Rehabilitaci\u00f3n Social involucrado en microtr\u00e1fico fue detenido por Personal de antinarc\u00f3ticos de la Polic\u00eda Nacional.<!--more--><\/p>\n<p>La Sub zona Sucumb\u00edos, despleg\u00f3 un operativo en para controlar un\u00a0 caso de microtr\u00e1fico.<\/p>\n<p>&nbsp;<\/p>\n<p>Seg\u00fan versiones del comandante de polic\u00eda, Coronel Luis Moreno, \u00a0el operativo da como resultado la detenci\u00f3n de un gu\u00eda penitenciario en delito flagrante, con sustancias sujetas a fiscalizaci\u00f3n que pretend\u00eda ingresarlas al interior del centro de rehabilitaci\u00f3n.<\/p>\n<p>&nbsp;<\/p>\n<h5>Para el Comandante de Polic\u00eda, en el tiempo que va su administraci\u00f3n precautelando la seguridad en la Provincia junto a sus unidades de trabajo, es el primer caso que se da con un agente\u00a0 penitenciario involucrado en este tipo de delito, seg\u00fan la autoridad las investigaciones continuar\u00e1n y no descarta hayan m\u00e1s servidores p\u00fablicos involucrados.<\/h5>\n<p>&nbsp;<\/p>\n<p>De esta forma, se dio a conocer el resultado del operativo realizado el d\u00eda de ayer en las instalaciones del Centro de Rehabilitaci\u00f3n Social de Sucumb\u00edos, a\u00fan no se conoce el nombre del servidor p\u00fablico que se vio involucrado en delito flagrante, debido a que las investigaciones est\u00e1n en manos de\u00a0 autoridades fiscales.<\/p>\n","protected":false},"excerpt":{"rendered":"<p>Agente penitenciario del Centro de Rehabilitaci\u00f3n Social involucrado en microtr\u00e1fico fue detenido por Personal de antinarc\u00f3ticos de la Polic\u00eda Nacional.<\/p>\n","protected":false},"author":1,"featured_media":89,"comment_status":"open","ping_status":"closed","sticky":false,"template":"","format":"standard","meta":{"footnotes":""},"categories":[3,5],"tags":[],"class_list":["post-991","post","type-post","status-publish","format-standard","has-post-thumbnail","hentry","category-noticias","category-sucumbios"],"_links":{"self":[{"href":"https:\/\/radiosucumbios.org.ec\/index.php?rest_route=\/wp\/v2\/posts\/991","targetHints":{"allow":["GET"]}}],"collection":[{"href":"https:\/\/radiosucumbios.org.ec\/index.php?rest_route=\/wp\/v2\/posts"}],"about":[{"href":"https:\/\/radiosucumbios.org.ec\/index.php?rest_route=\/wp\/v2\/types\/post"}],"author":[{"embeddable":true,"href":"https:\/\/radiosucumbios.org.ec\/index.php?rest_route=\/wp\/v2\/users\/1"}],"replies":[{"embeddable":true,"href":"https:\/\/radiosucumbios.org.ec\/index.php?rest_route=%2Fwp%2Fv2%2Fcomments&post=991"}],"version-history":[{"count":2,"href":"https:\/\/radiosucumbios.org.ec\/index.php?rest_route=\/wp\/v2\/posts\/991\/revisions"}],"predecessor-version":[{"id":998,"href":"https:\/\/radiosucumbios.org.ec\/index.php?rest_route=\/wp\/v2\/posts\/991\/revisions\/998"}],"wp:featuredmedia":[{"embeddable":true,"href":"https:\/\/radiosucumbios.org.ec\/index.php?rest_route=\/wp\/v2\/media\/89"}],"wp:attachment":[{"href":"https:\/\/radiosucumbios.org.ec\/index.php?rest_route=%2Fwp%2Fv2%2Fmedia&parent=991"}],"wp:term":[{"taxonomy":"category","embeddable":true,"href":"https:\/\/radiosucumbios.org.ec\/index.php?rest_route=%2Fwp%2Fv2%2Fcategories&post=991"},{"taxonomy":"post_tag","embeddable":true,"href":"https:\/\/radiosucumbios.org.ec\/index.php?rest_route=%2Fwp%2Fv2%2Ftags&post=991"}],"curies":[{"name":"wp","href":"https:\/\/api.w.org\/{rel}","templated":true}]}}