{"id":999,"date":"2017-10-17T20:42:31","date_gmt":"2017-10-17T20:42:31","guid":{"rendered":"https:\/\/radiosucumbios.org.ec\/?p=999"},"modified":"2017-10-17T20:48:22","modified_gmt":"2017-10-17T20:48:22","slug":"afectado-explosion-vehicular-la-ciudad-nueva-loja","status":"publish","type":"post","link":"https:\/\/radiosucumbios.org.ec\/?p=999","title":{"rendered":"Un afectado en explosi\u00f3n veh\u00edcular en la ciudad de Nueva Loja"},"content":{"rendered":"<p>Al mediod\u00eda de este martes 17 de octubre, una alerta realizada a la l\u00ednea \u00fanica para emergencias 9-1-1 inform\u00f3 sobre un incendio vehicular con la presencia de una persona herida en las calles Abd\u00f3n Calder\u00f3n y Galo Plaza, ubicadas en el barrio La Primavera 1 en Nueva Loja.<!--more--><\/p>\n<p>Desde sala de operaciones del ECU 911 Nueva Loja se realiz\u00f3 la inmediata coordinaci\u00f3n con el Cuerpo de Bomberos de Lago Agrio (CBLA), Polic\u00eda Nacional (PPNN) y Ministerio de Salud P\u00fablica (MSP), despachando recursos para atender el incidente.<\/p>\n<p>&nbsp;<\/p>\n<p>Ya en territorio los miembros del CBLA informaron que se trat\u00f3 de la explosi\u00f3n de un tanquero que se encontraba en mantenimiento, afectando a una persona quien sufri\u00f3 quemaduras de segundo grado.<\/p>\n<p>&nbsp;<\/p>\n<p>Una vez que el ciudadano fue estabilizado por el personal param\u00e9dico fue trasladado al hospital Marco Vinicio Iza para recibir la evaluaci\u00f3n m\u00e9dica correspondiente. Agentes de PPNN que asistieron al lugar brindaron la seguridad vial necesaria para el trabajo de las unidades de socorro.<\/p>\n<p>&nbsp;<\/p>\n<p>Posterior a restablecerse el tr\u00e1nsito vehicular normal, se iniciaron las investigaciones respectivas para determinar las causas de este incidente, seg\u00fan informaci\u00f3n policial. Los recursos humanos y tecnol\u00f3gicos con los que cuenta el ECU 911 est\u00e1n disponibles para brindar la atenci\u00f3n a los ecuatorianos, las 24 horas del d\u00eda.<\/p>\n<p>FUENTE: Ecu 911<\/p>\n","protected":false},"excerpt":{"rendered":"<p>Al mediod\u00eda de este martes 17 de octubre, una alerta realizada a la l\u00ednea \u00fanica para emergencias 9-1-1 inform\u00f3 sobre un incendio vehicular con la presencia de una persona herida en las calles Abd\u00f3n Calder\u00f3n y Galo Plaza, ubicadas en el barrio La Primavera 1 en Nueva Loja.<\/p>\n","protected":false},"author":1,"featured_media":1000,"comment_status":"open","ping_status":"closed","sticky":false,"template":"","format":"standard","meta":{"footnotes":""},"categories":[3,5],"tags":[],"class_list":["post-999","post","type-post","status-publish","format-standard","has-post-thumbnail","hentry","category-noticias","category-sucumbios"],"_links":{"self":[{"href":"https:\/\/radiosucumbios.org.ec\/index.php?rest_route=\/wp\/v2\/posts\/999","targetHints":{"allow":["GET"]}}],"collection":[{"href":"https:\/\/radiosucumbios.org.ec\/index.php?rest_route=\/wp\/v2\/posts"}],"about":[{"href":"https:\/\/radiosucumbios.org.ec\/index.php?rest_route=\/wp\/v2\/types\/post"}],"author":[{"embeddable":true,"href":"https:\/\/radiosucumbios.org.ec\/index.php?rest_route=\/wp\/v2\/users\/1"}],"replies":[{"embeddable":true,"href":"https:\/\/radiosucumbios.org.ec\/index.php?rest_route=%2Fwp%2Fv2%2Fcomments&post=999"}],"version-history":[{"count":1,"href":"https:\/\/radiosucumbios.org.ec\/index.php?rest_route=\/wp\/v2\/posts\/999\/revisions"}],"predecessor-version":[{"id":1001,"href":"https:\/\/radiosucumbios.org.ec\/index.php?rest_route=\/wp\/v2\/posts\/999\/revisions\/1001"}],"wp:featuredmedia":[{"embeddable":true,"href":"https:\/\/radiosucumbios.org.ec\/index.php?rest_route=\/wp\/v2\/media\/1000"}],"wp:attachment":[{"href":"https:\/\/radiosucumbios.org.ec\/index.php?rest_route=%2Fwp%2Fv2%2Fmedia&parent=999"}],"wp:term":[{"taxonomy":"category","embeddable":true,"href":"https:\/\/radiosucumbios.org.ec\/index.php?rest_route=%2Fwp%2Fv2%2Fcategories&post=999"},{"taxonomy":"post_tag","embeddable":true,"href":"https:\/\/radiosucumbios.org.ec\/index.php?rest_route=%2Fwp%2Fv2%2Ftags&post=999"}],"curies":[{"name":"wp","href":"https:\/\/api.w.org\/{rel}","templated":true}]}}